{"id":4251,"date":"2025-01-31T09:05:56","date_gmt":"2025-01-31T09:05:56","guid":{"rendered":"https:\/\/mgpsicologiavalencia.com\/?p=4223"},"modified":"2025-01-31T09:05:56","modified_gmt":"2025-01-31T09:05:56","slug":"comprendiendo-el-trauma","status":"publish","type":"post","link":"https:\/\/mgpsicologiavalencia.com\/en\/comprendiendo-el-trauma\/","title":{"rendered":"COMPRENDIENDO EL TRAUMA"},"content":{"rendered":"<p>CLAVES PARA GESTIONAR SUS EFECTOS PSICOL\u00d3GICOS<\/p><figure class=\"wp-block-table\"><table class=\"has-fixed-layout\"><tbody><tr><td colspan=\"6\">Cada vez somos m\u00e1s los que trabajamos centrados en el trauma, y es que la mayor parte de nuestras creencias actuales, las que hacen que tengamos determinados s\u00edntomas, vienen de vivencias que en su momento no pudimos procesar, ya sea porque nuestra mente era demasiado inmadura (era una ni\u00f1a), fueron demasiado intensas o no ten\u00edamos las herramientas para gestionarla. Por eso con t\u00e9cnicas como el EMDR vamos a revisar estas vivencias y las creencias que aprendimos de ellas.<\/td><td colspan=\"6\"><img decoding=\"async\" width=\"280.5\" height=\"auto\" alt=\"\" src=\"https:\/\/ci3.googleusercontent.com\/meips\/ADKq_NaRmsCesxB_Blyt75XRsxzzFsH5mjxCb3Zrq22oz_SLvfiWJFCfDG8x2hFAtR29pmmAsk5Eluk9Ej7thSfHWkX9BcJeH0slbnE7h-0H-7y8FkzBa9gtUC3ojLJqZsfS4SThBJErGOTWh-Zu4350KY8GOIlEvOcxBrg=s0-d-e1-ft#https:\/\/mcusercontent.com\/60c54c7f527d7babcd8686212\/images\/e2b7da43-2872-6c93-6bc2-f156e03ed730.png\"><\/td><\/tr><\/tbody><\/table><\/figure><figure class=\"wp-block-table\"><table class=\"has-fixed-layout\"><tbody><tr><td colspan=\"4\">\u00bfQu\u00e9 es el Trauma Psicol\u00f3gico?<\/td><td colspan=\"8\">El trauma psicol\u00f3gico es una <strong>respuesta emocional y psicol\u00f3gica<\/strong> a un evento o serie de eventos extremadamente estresantes, que afectan la capacidad de la persona para procesar, asimilar y afrontar dichas experiencias. Estos eventos pueden incluir situaciones como abuso, accidentes, p\u00e9rdidas significativas o violencia, entre otros.El trauma no se limita solo a los eventos evidentes, sino que tambi\u00e9n puede desarrollarse a partir de experiencias cotidianas de estr\u00e9s acumulado, lo que se conoce como <strong>trauma complejo<\/strong>.<\/td><\/tr><\/tbody><\/table><\/figure><figure class=\"wp-block-table\"><table class=\"has-fixed-layout\"><tbody><tr><td>&nbsp;<\/td><\/tr><tr><td>Efectos del Trauma en la Salud MentalEl impacto del trauma en la salud mental puede ser devastador, afectando no solo las emociones, sino tambi\u00e9n la fisiolog\u00eda del cerebro. Algunos efectos comunes del trauma son:<strong>Trastornos de ansiedad:<\/strong> La constante sensaci\u00f3n de peligro puede desencadenar ansiedad cr\u00f3nica.<strong>Trastorno de Estr\u00e9s Postraum\u00e1tico (TEPT):<\/strong> Este trastorno se caracteriza por flashbacks, pesadillas y un constante estado de alerta.<strong>Depresi\u00f3n:<\/strong> El trauma puede dejar una huella emocional profunda, provocando sentimientos de desesperanza.<strong>Dificultades en las relaciones interpersonales:<\/strong> Las personas que han sufrido trauma pueden tener dificultades para confiar en los dem\u00e1s o establecer v\u00ednculos saludables.<\/td><\/tr><tr><td>\u00bfC\u00f3mo reconocer el trauma?Siempre me gusta explicar que el trauma es aquel o aquellos recuerdos que, al mirar atr\u00e1s y recordarlos, a\u00fan me remueven con bastante intensidad. Si me remueve, algo sucede con esa vivencia.Por otra parte, identificar los s\u00edntomas del trauma es esencial para buscar ayuda. Algunas se\u00f1ales comunes incluyen:Flashbacks o recuerdos intrusivos del evento traum\u00e1tico.Sentimientos de desconexi\u00f3n o despersonalizaci\u00f3n.Dificultades para dormir o insomnio.Hipersensibilidad emocional, cambios de humor repentinos.Evitaci\u00f3n de lugares, personas o actividades que recuerdan el trauma.<\/td><\/tr><tr><td>Prevenir el trauma<\/td><\/tr><tr><td>Al igual que hay factores de riesgo, tambi\u00e9n hay factores protectores y pr\u00e1cticas que podemos hacer para paliar o prevenir sus efectos. Entre ellos:Crear una <strong>red de apoyo:<\/strong> Es el colch\u00f3n que nos sostiene cuando caemos. Contar con un entorno de confianza, ya sea en amigos, familiares o terapeutas, ayuda a crear un espacio seguro donde la persona pueda procesar su experiencia y comenzar a sanar. La <strong>empat\u00eda y el cuidado<\/strong> son fundamentales para evitar sentirnos aisladas o incomprendidas.<strong>Autocuidado emocional<\/strong>: Mantener h\u00e1bitos de relajaci\u00f3n y meditaci\u00f3n, practicar la gratitud, y establecer l\u00edmites saludables.Desarrollar una <strong>comunicaci\u00f3n abierta<\/strong>: Hablar de las emociones y experiencias con amigos, familiares o un profesional y dejar salir aquello que tenemos dentro.<\/td><\/tr><tr><td>Si te has sentido identificada en lo que acabas de leer, no eres la \u00fanica. El trauma nos persigue a muchas de nosotras. La informaci\u00f3n es la clave y la terapia la soluci\u00f3n.Te abrazo muy fuerte.<\/td><\/tr><\/tbody><\/table><\/figure><h3 class=\"wp-block-heading\">Y antes de despedirme, te cuento cosas que me hacen muy feliz:<\/h3><ul class=\"wp-block-list\"><li>Seguimos con los bonos de <a href=\"https:\/\/mgpsicologiavalencia.com\/en\/regala-salud-mental\/\" target=\"_blank\" rel=\"noreferrer noopener\">REGALA SALUD MENTAL<\/a> para regalar a quien tu quieras.<\/li>\n\n<li>El cuaderno de embarazo \u201cGestando\u201d \u00a1\u00a1\u00a1YA EST\u00c1 EN AMAZON!!! Puedes comprarlo aqu\u00ed: <a href=\"https:\/\/amzn.eu\/d\/49GgvS6\" target=\"_blank\" rel=\"noreferrer noopener\">Cuaderno de embarazo Gestando<\/a><\/li>\n\n<li>El pr\u00f3ximo s\u00e1bado 1 de enero tendremos un nuevo encuentro de <strong>mam\u00e1s afectadas por la dana<\/strong> en Catarroja, donde hacemos acompa\u00f1amiento gratuito a estas mam\u00e1s que tanto lo necesitan. Si quieres formar parte y has sido afectada por la dana, puedes contactarme por correo o whatsapp y te informo: <a href=\"mailto:mguirao.psicologia@gmail.com\" target=\"_blank\" rel=\"noreferrer noopener\">mguirao.psicologia@gmail.com<\/a> o 644254815.<\/li>\n\n<li>El pasado d\u00eda 12 de enero hicimos unas jornadas de suelo p\u00e9lvico geniales y \u00a1ya tenemos fecha para las pr\u00f3ximas! pronto os contamos cositas\u2026.<\/li><\/ul>","protected":false},"excerpt":{"rendered":"<p>CLAVES PARA GESTIONAR SUS EFECTOS PSICOL\u00d3GICOS Cada vez somos m\u00e1s los que trabajamos centrados en el trauma, y es que la mayor parte de nuestras creencias actuales, las que hacen&#8230;<\/p>","protected":false},"author":1,"featured_media":4259,"comment_status":"closed","ping_status":"closed","sticky":false,"template":"","format":"standard","meta":{"footnotes":""},"categories":[1],"tags":[82,49,83],"class_list":{"0":"post-4251","1":"post","2":"type-post","3":"status-publish","4":"format-standard","5":"has-post-thumbnail","7":"category-uncategorized","8":"tag-emdr","9":"tag-psicologia","10":"tag-trauma"},"_links":{"self":[{"href":"https:\/\/mgpsicologiavalencia.com\/en\/wp-json\/wp\/v2\/posts\/4251","targetHints":{"allow":["GET"]}}],"collection":[{"href":"https:\/\/mgpsicologiavalencia.com\/en\/wp-json\/wp\/v2\/posts"}],"about":[{"href":"https:\/\/mgpsicologiavalencia.com\/en\/wp-json\/wp\/v2\/types\/post"}],"author":[{"embeddable":true,"href":"https:\/\/mgpsicologiavalencia.com\/en\/wp-json\/wp\/v2\/users\/1"}],"replies":[{"embeddable":true,"href":"https:\/\/mgpsicologiavalencia.com\/en\/wp-json\/wp\/v2\/comments?post=4251"}],"version-history":[{"count":0,"href":"https:\/\/mgpsicologiavalencia.com\/en\/wp-json\/wp\/v2\/posts\/4251\/revisions"}],"wp:featuredmedia":[{"embeddable":true,"href":"https:\/\/mgpsicologiavalencia.com\/en\/wp-json\/wp\/v2\/media\/4259"}],"wp:attachment":[{"href":"https:\/\/mgpsicologiavalencia.com\/en\/wp-json\/wp\/v2\/media?parent=4251"}],"wp:term":[{"taxonomy":"category","embeddable":true,"href":"https:\/\/mgpsicologiavalencia.com\/en\/wp-json\/wp\/v2\/categories?post=4251"},{"taxonomy":"post_tag","embeddable":true,"href":"https:\/\/mgpsicologiavalencia.com\/en\/wp-json\/wp\/v2\/tags?post=4251"}],"curies":[{"name":"wp","href":"https:\/\/api.w.org\/{rel}","templated":true}]}}